{"id":17741,"date":"2022-04-15T18:50:59","date_gmt":"2022-04-15T16:50:59","guid":{"rendered":"https:\/\/koinecommerce.com\/blog-cerespain\/?p=17741"},"modified":"2023-03-07T21:49:09","modified_gmt":"2023-03-07T19:49:09","slug":"espacios-naturales-protegidos-de-castilla-y-leon","status":"publish","type":"post","link":"https:\/\/koinecommerce.com\/blog-cerespain\/espacios-naturales-protegidos-de-castilla-y-leon\/","title":{"rendered":"Espacios Naturales Protegidos de Castilla y Le\u00f3n"},"content":{"rendered":"<h2>Espacios Naturales Protegidos de Castilla y Le\u00f3n.-<\/h2>\n<p><strong>Espacios, Reservas, Monumentos, Parques y Ecosistemas Naturales Protegidos de la Comunidad Aut\u00f3noma de Castilla y Le\u00f3n.-<\/strong><\/p>\n<h3><span style=\"color: #5da02a;\"><strong><em>Provincia de \u00c1VILA.-<\/em><\/strong><\/span><\/h3>\n<h3>Parque Regional Sierra de Gredos<\/h3>\n<h3>Reserva Natural Valle Iruelas<\/h3>\n<h3>Espacio Natural Pinar de Hoyocasero<\/h3>\n<h3>Espacio Natural Sierras de la Paramera y la Serrota<\/h3>\n<p>&nbsp;<\/p>\n<h3><span style=\"color: #5da02a;\"><em>Provincia de BURGOS.-<\/em><\/span><\/h3>\n<h3>Parque Natural Ca\u00f1\u00f3n del R\u00edo Lobos<\/h3>\n<h3>Parque Natural Hoces de Alto Ebro y Rudr\u00f3n<\/h3>\n<h3>Parque Natural Lagunas Glaciares de Neila<\/h3>\n<h3>Parque Natural Montes Obarenes-San Zadornil<\/h3>\n<h3>Monumento Natural Monte Santiago<\/h3>\n<h3>Monumento Natural Ojo Guare\u00f1a<\/h3>\n<h3>Espacio Natural La Yecla<\/h3>\n<h3>Espacio Natural Sierra de la Demanda<\/h3>\n<p>&nbsp;<\/p>\n<h3><span style=\"color: #5da02a;\"><em>Provincia de LE\u00d3N.-<\/em><\/span><\/h3>\n<h3>Parque Nacional y Parque Regional de los Picos de Europa<\/h3>\n<h3><a href=\"https:\/\/koinecommerce.com\/blog-cerespain\/ancares-leoneses\/\">Reserva de la Biosfera de los Ancares Leoneses (+Info)<\/a><\/h3>\n<h3>Reserva Regional de Caza de Mampodre<\/h3>\n<h3>Reserva Regional de Caza de Ria\u00f1o<\/h3>\n<h3>Monumento Natural Lago de la Ba\u00f1a<\/h3>\n<h3>Monumento Natural Lago Truchillas<\/h3>\n<h3><a href=\"https:\/\/koinecommerce.com\/blog-cerespain\/las-medulas\/\">Espacio Natural de Las M\u00e9dulas (+Info)<\/a><\/h3>\n<h3>Espacio Natural del Valle de San Emiliano<\/h3>\n<h3>Espacio Natural Hoces de Vegacervera<\/h3>\n<p>&nbsp;<\/p>\n<h3><span style=\"color: #5da02a;\"><em>Provincia de PALENCIA.-<\/em><\/span><\/h3>\n<h3>Parque Natural Fuentes Carrionas y Fuente Cobre-Monta\u00f1a Palentina<\/h3>\n<h3>Espacio Natural Cavalagua<\/h3>\n<h3>Espacio Natural de la Nava y Campos de Palencia<\/h3>\n<h3>Espacio Natural Las Tuerces<\/h3>\n<p>&nbsp;<\/p>\n<h3><span style=\"color: #5da02a;\"><em>Provincia de SALAMANCA.-<\/em><\/span><\/h3>\n<h3>Espacio Natural Candelario<\/h3>\n<h3>Espacio Natural El Rebollar<\/h3>\n<h3>Espacio Natural Las Batuecas-Sierra de Francia<\/h3>\n<h3>Espacio Natural Quilamas<\/h3>\n<p>&nbsp;<\/p>\n<h3><span style=\"color: #5da02a;\"><em>Provincia de SEGOVIA.-<\/em><\/span><\/h3>\n<h3>Parque Natural Hoces del R\u00edo Durat\u00f3n<\/h3>\n<h3>Parque Natural Hoces del R\u00edo Riaza<\/h3>\n<h3>Espacio Natural Hayedo de Riofr\u00edo de Riaza<\/h3>\n<p>&nbsp;<\/p>\n<h3><span style=\"color: #5da02a;\"><em>Provincia de SORIA.-<\/em><\/span><\/h3>\n<h3>Parque Natural Laguna Negra y Circo Glaciares de Urbi\u00f3n<\/h3>\n<h3>Reserva Natural Acebal de Garag\u00fceta<\/h3>\n<h3>Reserva Natural Sabi\u00f1ar de Calata\u00f1azor<\/h3>\n<h3>Monumento Natural La Fuentona<\/h3>\n<h3>Espacio Natural Cerro Peado<\/h3>\n<h3>Espacio Natural Sierra de Urbi\u00f3n<\/h3>\n<p>&nbsp;<\/p>\n<h3><span style=\"color: #5da02a;\"><em>Provincia de VALLADOLID.-<\/em><\/span><\/h3>\n<h3>Reserva Natural Riberas de Castronu\u00f1o-Vega del Duero<\/h3>\n<p>&nbsp;<\/p>\n<h3><span style=\"color: #5da02a;\"><em>Provincia de ZAMORA.-<\/em><\/span><\/h3>\n<h3>Parque Natural Arribes del Duero<\/h3>\n<h3>Parque Natural Lago de Sanabria<\/h3>\n<h3>Reserva Natural de Las Lagunas de Villaf\u00e1fila<\/h3>\n<h3>Espacio Natural Sierra de la Culebra<\/h3>\n<p>&nbsp;<\/p>\n<p style=\"text-align: center;\"><iframe style=\"border: 0;\" src=\"https:\/\/www.google.com\/maps\/embed?pb=!1m18!1m12!1m3!1d1526239.3244063056!2d-5.550026142048342!3d41.657120875229815!2m3!1f0!2f0!3f0!3m2!1i1024!2i768!4f13.1!3m3!1m2!1s0xd379a90038093f7%3A0x969e7b06830556a5!2sCastilla%20y%20Le%C3%B3n!5e0!3m2!1ses!2ses!4v1650023324142!5m2!1ses!2ses\" width=\"600\" height=\"450\" allowfullscreen=\"allowfullscreen\"><\/iframe><\/p>\n","protected":false},"excerpt":{"rendered":"<p>Espacios Naturales Protegidos de Castilla y Le\u00f3n.- Espacios, Reservas, Monumentos, Parques y Ecosistemas Naturales Protegidos de la Comunidad Aut\u00f3noma de Castilla y Le\u00f3n.- Provincia de \u00c1VILA.- Parque Regional Sierra de Gredos Reserva Natural Valle Iruelas Espacio Natural Pinar de Hoyocasero Espacio Natural Sierras de la Paramera y la Serrota &nbsp; Provincia de BURGOS.- Parque Natural&#8230;<\/p>\n","protected":false},"author":3,"featured_media":17752,"comment_status":"open","ping_status":"closed","sticky":false,"template":"","format":"standard","meta":{"_kad_post_transparent":"default","_kad_post_title":"default","_kad_post_layout":"default","_kad_post_sidebar_id":"","_kad_post_content_style":"default","_kad_post_vertical_padding":"default","_kad_post_feature":"","_kad_post_feature_position":"","_kad_post_header":false,"_kad_post_footer":false,"_kad_post_classname":"","footnotes":""},"categories":[46],"tags":[701,695,698,697,700,702,699,696],"class_list":["post-17741","post","type-post","status-publish","format-standard","has-post-thumbnail","hentry","category-espacios-naturales-protegidos","tag-castily-leon-espacios-naturales-protegidos","tag-espacios-naturales-protegidos-castilla-y-leon","tag-monumentos-naturales-protegidos-de-castilla-y-leon","tag-parques-naturales-de-castilla-y-leon","tag-parques-regionales-protegidos-de-castilla-y-leon","tag-reserva-regional-de-caza-de-castilla-y-leon","tag-reservas-de-la-biosfera-de-castilla-y-leon","tag-reservas-naturales-de-castilla-y-leon"],"yoast_head":"<!-- This site is optimized with the Yoast SEO Premium plugin v25.2 (Yoast SEO v28.4) - https:\/\/yoast.com\/product\/yoast-seo-premium-wordpress\/ -->\n<title>Espacios Naturales de Castilla y Le\u00f3n - Blog Cerespain<\/title>\n<meta name=\"description\" content=\"Espacios naturales protegidos de Castilla y Le\u00f3n. Espacios, reservas, monumentos, parques y ecosistemas. La flora y la fauna.\" \/>\n<meta name=\"robots\" content=\"index, follow, max-snippet:-1, max-image-preview:large, max-video-preview:-1\" \/>\n<link rel=\"canonical\" href=\"https:\/\/koinecommerce.com\/blog-cerespain\/espacios-naturales-protegidos-de-castilla-y-leon\/\" \/>\n<meta property=\"og:locale\" content=\"es_ES\" \/>\n<meta property=\"og:type\" content=\"article\" \/>\n<meta property=\"og:title\" content=\"Espacios Naturales Protegidos de Castilla y Le\u00f3n\" \/>\n<meta property=\"og:description\" content=\"Espacios, Reservas, Monumentos, Parques y Ecosistemas Naturales Protegidos de la Comunidad Aut\u00f3noma de Castilla y Le\u00f3n Descripci\u00f3n del territorio protegido.\" \/>\n<meta property=\"og:url\" content=\"https:\/\/koinecommerce.com\/blog-cerespain\/espacios-naturales-protegidos-de-castilla-y-leon\/\" \/>\n<meta property=\"og:site_name\" content=\"Blog Cerespain\" \/>\n<meta property=\"article:publisher\" content=\"https:\/\/www.facebook.com\/cerespain\" \/>\n<meta property=\"article:author\" content=\"https:\/\/www.facebook.com\/\" \/>\n<meta property=\"article:published_time\" content=\"2022-04-15T16:50:59+00:00\" \/>\n<meta property=\"article:modified_time\" content=\"2023-03-07T19:49:09+00:00\" \/>\n<meta property=\"og:image\" content=\"https:\/\/koinecommerce.com\/blog-cerespain\/wp-content\/uploads\/2022\/04\/Mapa-de-Castilla-y-Leon.jpg\" \/>\n\t<meta property=\"og:image:width\" content=\"690\" \/>\n\t<meta property=\"og:image:height\" content=\"552\" \/>\n\t<meta property=\"og:image:type\" content=\"image\/jpeg\" \/>\n<meta name=\"author\" content=\"Paco Merayo\" \/>\n<meta name=\"twitter:card\" content=\"summary_large_image\" \/>\n<meta name=\"twitter:title\" content=\"Espacios Naturales Protegidos de Castilla y Le\u00f3n\" \/>\n<meta name=\"twitter:description\" content=\"Espacios, Reservas, Monumentos, Parques y Ecosistemas Naturales Protegidos de la Comunidad Aut\u00f3noma de Castilla y Le\u00f3n Descripci\u00f3n del territorio protegido.\" \/>\n<meta name=\"twitter:image\" content=\"https:\/\/koinecommerce.com\/blog-cerespain\/wp-content\/uploads\/2022\/04\/Mapa-de-Castilla-y-Leon.jpg\" \/>\n<meta name=\"twitter:creator\" content=\"@https:\/\/twitter.com\/\" \/>\n<meta name=\"twitter:site\" content=\"@koinecommerce\" \/>\n<meta name=\"twitter:label1\" content=\"Escrito por\" \/>\n\t<meta name=\"twitter:data1\" content=\"Paco Merayo\" \/>\n\t<meta name=\"twitter:label2\" content=\"Tiempo de lectura\" \/>\n\t<meta name=\"twitter:data2\" content=\"2 minutos\" \/>\n<script type=\"application\/ld+json\" class=\"yoast-schema-graph\">{\"@context\":\"https:\\\/\\\/schema.org\",\"@graph\":[{\"@type\":\"Article\",\"@id\":\"https:\\\/\\\/koinecommerce.com\\\/blog-cerespain\\\/espacios-naturales-protegidos-de-castilla-y-leon\\\/#article\",\"isPartOf\":{\"@id\":\"https:\\\/\\\/koinecommerce.com\\\/blog-cerespain\\\/espacios-naturales-protegidos-de-castilla-y-leon\\\/\"},\"author\":{\"name\":\"Paco Merayo\",\"@id\":\"https:\\\/\\\/koinecommerce.com\\\/blog-cerespain\\\/#\\\/schema\\\/person\\\/82b7acd750f7898be18c095623152d26\"},\"headline\":\"Espacios Naturales Protegidos de Castilla y Le\u00f3n\",\"datePublished\":\"2022-04-15T16:50:59+00:00\",\"dateModified\":\"2023-03-07T19:49:09+00:00\",\"mainEntityOfPage\":{\"@id\":\"https:\\\/\\\/koinecommerce.com\\\/blog-cerespain\\\/espacios-naturales-protegidos-de-castilla-y-leon\\\/\"},\"wordCount\":347,\"commentCount\":0,\"publisher\":{\"@id\":\"https:\\\/\\\/koinecommerce.com\\\/blog-cerespain\\\/#organization\"},\"image\":{\"@id\":\"https:\\\/\\\/koinecommerce.com\\\/blog-cerespain\\\/espacios-naturales-protegidos-de-castilla-y-leon\\\/#primaryimage\"},\"thumbnailUrl\":\"https:\\\/\\\/koinecommerce.com\\\/blog-cerespain\\\/wp-content\\\/uploads\\\/2022\\\/04\\\/Mapa-de-Castilla-y-Leon.jpg\",\"keywords\":[\"castily le\u00f3n espacios naturales protegidos\",\"espacios naturales protegidos castilla y le\u00f3n\",\"monumentos naturales protegidos de castilla y le\u00f3n\",\"parques naturales de castilla y le\u00f3n\",\"parques regionales protegidos de castilla y le\u00f3n\",\"reserva regional de caza de castilla y le\u00f3n\",\"reservas de la biosfera de castilla y le\u00f3n\",\"reservas naturales de castilla y le\u00f3n\"],\"articleSection\":[\"Espacios Naturales Protegidos\"],\"inLanguage\":\"es\",\"potentialAction\":[{\"@type\":\"CommentAction\",\"name\":\"Comment\",\"target\":[\"https:\\\/\\\/koinecommerce.com\\\/blog-cerespain\\\/espacios-naturales-protegidos-de-castilla-y-leon\\\/#respond\"]}]},{\"@type\":\"WebPage\",\"@id\":\"https:\\\/\\\/koinecommerce.com\\\/blog-cerespain\\\/espacios-naturales-protegidos-de-castilla-y-leon\\\/\",\"url\":\"https:\\\/\\\/koinecommerce.com\\\/blog-cerespain\\\/espacios-naturales-protegidos-de-castilla-y-leon\\\/\",\"name\":\"Espacios Naturales de Castilla y Le\u00f3n - Blog Cerespain\",\"isPartOf\":{\"@id\":\"https:\\\/\\\/koinecommerce.com\\\/blog-cerespain\\\/#website\"},\"primaryImageOfPage\":{\"@id\":\"https:\\\/\\\/koinecommerce.com\\\/blog-cerespain\\\/espacios-naturales-protegidos-de-castilla-y-leon\\\/#primaryimage\"},\"image\":{\"@id\":\"https:\\\/\\\/koinecommerce.com\\\/blog-cerespain\\\/espacios-naturales-protegidos-de-castilla-y-leon\\\/#primaryimage\"},\"thumbnailUrl\":\"https:\\\/\\\/koinecommerce.com\\\/blog-cerespain\\\/wp-content\\\/uploads\\\/2022\\\/04\\\/Mapa-de-Castilla-y-Leon.jpg\",\"datePublished\":\"2022-04-15T16:50:59+00:00\",\"dateModified\":\"2023-03-07T19:49:09+00:00\",\"description\":\"Espacios naturales protegidos de Castilla y Le\u00f3n. Espacios, reservas, monumentos, parques y ecosistemas. La flora y la fauna.\",\"breadcrumb\":{\"@id\":\"https:\\\/\\\/koinecommerce.com\\\/blog-cerespain\\\/espacios-naturales-protegidos-de-castilla-y-leon\\\/#breadcrumb\"},\"inLanguage\":\"es\",\"potentialAction\":[{\"@type\":\"ReadAction\",\"target\":[\"https:\\\/\\\/koinecommerce.com\\\/blog-cerespain\\\/espacios-naturales-protegidos-de-castilla-y-leon\\\/\"]}]},{\"@type\":\"ImageObject\",\"inLanguage\":\"es\",\"@id\":\"https:\\\/\\\/koinecommerce.com\\\/blog-cerespain\\\/espacios-naturales-protegidos-de-castilla-y-leon\\\/#primaryimage\",\"url\":\"https:\\\/\\\/koinecommerce.com\\\/blog-cerespain\\\/wp-content\\\/uploads\\\/2022\\\/04\\\/Mapa-de-Castilla-y-Leon.jpg\",\"contentUrl\":\"https:\\\/\\\/koinecommerce.com\\\/blog-cerespain\\\/wp-content\\\/uploads\\\/2022\\\/04\\\/Mapa-de-Castilla-y-Leon.jpg\",\"width\":690,\"height\":552,\"caption\":\"Mapa de la Comunidad Aut\u00f3noma de Castilla y Le\u00f3n.\"},{\"@type\":\"BreadcrumbList\",\"@id\":\"https:\\\/\\\/koinecommerce.com\\\/blog-cerespain\\\/espacios-naturales-protegidos-de-castilla-y-leon\\\/#breadcrumb\",\"itemListElement\":[{\"@type\":\"ListItem\",\"position\":1,\"name\":\"Portada\",\"item\":\"https:\\\/\\\/koinecommerce.com\\\/blog-cerespain\\\/\"},{\"@type\":\"ListItem\",\"position\":2,\"name\":\"Espacios Naturales Protegidos de Castilla y Le\u00f3n\"}]},{\"@type\":\"WebSite\",\"@id\":\"https:\\\/\\\/koinecommerce.com\\\/blog-cerespain\\\/#website\",\"url\":\"https:\\\/\\\/koinecommerce.com\\\/blog-cerespain\\\/\",\"name\":\"Blog Cerespain\",\"description\":\"Gastronom\u00eda y turismo en Espa\u00f1a, el pa\u00eds m\u00e1s rico del mundo. Food &amp; Tourism in Spain. Blog Cerespain.\",\"publisher\":{\"@id\":\"https:\\\/\\\/koinecommerce.com\\\/blog-cerespain\\\/#organization\"},\"potentialAction\":[{\"@type\":\"SearchAction\",\"target\":{\"@type\":\"EntryPoint\",\"urlTemplate\":\"https:\\\/\\\/koinecommerce.com\\\/blog-cerespain\\\/?s={search_term_string}\"},\"query-input\":{\"@type\":\"PropertyValueSpecification\",\"valueRequired\":true,\"valueName\":\"search_term_string\"}}],\"inLanguage\":\"es\"},{\"@type\":\"Organization\",\"@id\":\"https:\\\/\\\/koinecommerce.com\\\/blog-cerespain\\\/#organization\",\"name\":\"Koinecommerce\",\"url\":\"https:\\\/\\\/koinecommerce.com\\\/blog-cerespain\\\/\",\"logo\":{\"@type\":\"ImageObject\",\"inLanguage\":\"es\",\"@id\":\"https:\\\/\\\/koinecommerce.com\\\/blog-cerespain\\\/#\\\/schema\\\/logo\\\/image\\\/\",\"url\":\"https:\\\/\\\/koinecommerce.com\\\/blog-cerespain\\\/wp-content\\\/uploads\\\/2022\\\/02\\\/logo-slogan-emails.gif\",\"contentUrl\":\"https:\\\/\\\/koinecommerce.com\\\/blog-cerespain\\\/wp-content\\\/uploads\\\/2022\\\/02\\\/logo-slogan-emails.gif\",\"width\":400,\"height\":107,\"caption\":\"Koinecommerce\"},\"image\":{\"@id\":\"https:\\\/\\\/koinecommerce.com\\\/blog-cerespain\\\/#\\\/schema\\\/logo\\\/image\\\/\"},\"sameAs\":[\"https:\\\/\\\/www.facebook.com\\\/cerespain\",\"https:\\\/\\\/x.com\\\/koinecommerce\",\"https:\\\/\\\/www.instagram.com\\\/koinecommerce\\\/\",\"https:\\\/\\\/twitter.com\\\/Cerespain\"]},{\"@type\":\"Person\",\"@id\":\"https:\\\/\\\/koinecommerce.com\\\/blog-cerespain\\\/#\\\/schema\\\/person\\\/82b7acd750f7898be18c095623152d26\",\"name\":\"Paco Merayo\",\"image\":{\"@type\":\"ImageObject\",\"inLanguage\":\"es\",\"@id\":\"https:\\\/\\\/secure.gravatar.com\\\/avatar\\\/72ac0ce481485d85e7b9b1b0c2b1505c9f3f752e9c9b9611e17d27b644c4d7b3?s=96&d=mm&r=g\",\"url\":\"https:\\\/\\\/secure.gravatar.com\\\/avatar\\\/72ac0ce481485d85e7b9b1b0c2b1505c9f3f752e9c9b9611e17d27b644c4d7b3?s=96&d=mm&r=g\",\"contentUrl\":\"https:\\\/\\\/secure.gravatar.com\\\/avatar\\\/72ac0ce481485d85e7b9b1b0c2b1505c9f3f752e9c9b9611e17d27b644c4d7b3?s=96&d=mm&r=g\",\"caption\":\"Paco Merayo\"},\"description\":\"Licenciado en la Facultad de Ciencias de la Informaci\u00f3n (IMAGEN Y SONIDO) por la Universidad Complutense de Madrid. Natural de Ponferrada (Le\u00f3n) 1953 Ha sido Profesor de la asignatura FINANCIACI\u00d3N Y COMERCIALIZACI\u00d3N DE PROGRAMAS, en el M\u00e1ster Oficial Universitario de Producci\u00f3n de Televisi\u00f3n en TRACOR-Facultad de Humanidades y Ciencias de la Comunicaci\u00f3n, Universidad CEU SAN PABLO. Ha trabajado con las productoras o grupos audiovisuales siguientes: TELSON (V\u00e9rtice 360), PLURAL ENTERTAINMENT (Grupo PRISA), EUROPRODUCCIONES (Grupo Vocento), GONA PRODUCCIONES, PAUSOKA (TV), REDACCI\u00d3N 7 (TV), STAR LINE PRODUCTIONS (TV), CERESPAIN (internet y TV), LEONMEDIA (TV y cine), PROGRAMAS DE PRODUCCI\u00d3N PROPIA (TV), ESTUDIO STERN PRODUCCIONES (TV), ALASKA PRODUCCIONES (TV), DISTAR PRODUCCIONES S.A (TV), EAR CINEMA S.L.U. (Espa\u00f1a) y RED NEW LINE (Italia), SOGETEL, CPA, ANTEA FILMS, AMBOTO P.C., BREZAL P.C. (cine) y LECAS FILMS (productora y distribuidora de cine). A lo largo de su carrera profesional ha sido DISTRIBUIDOR (pel\u00edculas y cortometrajes), AYUDANTE DE PRODUCCI\u00d3N (cine), JEFE DE PRODUCCI\u00d3N (cine), DIRECTOR DE PRODUCCI\u00d3N (cine y televisi\u00f3n), PRODUCTOR EJECUTIVO (cine y televisi\u00f3n) y PRODUCTOR (cine y televisi\u00f3n). Ha trabajado en pel\u00edculas, cortometrajes, series, programas (de todo tipo) y documentales. Creador y propietario de las empresas KOINECOMMERCE SL y CERESPAIN SL (2000-actualidad). Responsable y proveedor de contenidos de las webs y tienda online: www.cerespain.com, www.koinecommerce.com y www.koinecommerce.com\\\/blog-cerespain\",\"sameAs\":[\"https:\\\/\\\/koinecommerce.com\\\/blog-cerespain\",\"https:\\\/\\\/www.facebook.com\\\/\",\"https:\\\/\\\/www.linkedin.com\\\/\",\"https:\\\/\\\/x.com\\\/https:\\\/\\\/twitter.com\\\/\",\"https:\\\/\\\/www.youtube.com\\\/\"]}]}<\/script>\n<!-- \/ Yoast SEO Premium plugin. -->","yoast_head_json":{"title":"Espacios Naturales de Castilla y Le\u00f3n - Blog Cerespain","description":"Espacios naturales protegidos de Castilla y Le\u00f3n. Espacios, reservas, monumentos, parques y ecosistemas. La flora y la fauna.","robots":{"index":"index","follow":"follow","max-snippet":"max-snippet:-1","max-image-preview":"max-image-preview:large","max-video-preview":"max-video-preview:-1"},"canonical":"https:\/\/koinecommerce.com\/blog-cerespain\/espacios-naturales-protegidos-de-castilla-y-leon\/","og_locale":"es_ES","og_type":"article","og_title":"Espacios Naturales Protegidos de Castilla y Le\u00f3n","og_description":"Espacios, Reservas, Monumentos, Parques y Ecosistemas Naturales Protegidos de la Comunidad Aut\u00f3noma de Castilla y Le\u00f3n Descripci\u00f3n del territorio protegido.","og_url":"https:\/\/koinecommerce.com\/blog-cerespain\/espacios-naturales-protegidos-de-castilla-y-leon\/","og_site_name":"Blog Cerespain","article_publisher":"https:\/\/www.facebook.com\/cerespain","article_author":"https:\/\/www.facebook.com\/","article_published_time":"2022-04-15T16:50:59+00:00","article_modified_time":"2023-03-07T19:49:09+00:00","og_image":[{"width":690,"height":552,"url":"https:\/\/koinecommerce.com\/blog-cerespain\/wp-content\/uploads\/2022\/04\/Mapa-de-Castilla-y-Leon.jpg","type":"image\/jpeg"}],"author":"Paco Merayo","twitter_card":"summary_large_image","twitter_title":"Espacios Naturales Protegidos de Castilla y Le\u00f3n","twitter_description":"Espacios, Reservas, Monumentos, Parques y Ecosistemas Naturales Protegidos de la Comunidad Aut\u00f3noma de Castilla y Le\u00f3n Descripci\u00f3n del territorio protegido.","twitter_image":"https:\/\/koinecommerce.com\/blog-cerespain\/wp-content\/uploads\/2022\/04\/Mapa-de-Castilla-y-Leon.jpg","twitter_creator":"@https:\/\/twitter.com\/","twitter_site":"@koinecommerce","twitter_misc":{"Escrito por":"Paco Merayo","Tiempo de lectura":"2 minutos"},"schema":{"@context":"https:\/\/schema.org","@graph":[{"@type":"Article","@id":"https:\/\/koinecommerce.com\/blog-cerespain\/espacios-naturales-protegidos-de-castilla-y-leon\/#article","isPartOf":{"@id":"https:\/\/koinecommerce.com\/blog-cerespain\/espacios-naturales-protegidos-de-castilla-y-leon\/"},"author":{"name":"Paco Merayo","@id":"https:\/\/koinecommerce.com\/blog-cerespain\/#\/schema\/person\/82b7acd750f7898be18c095623152d26"},"headline":"Espacios Naturales Protegidos de Castilla y Le\u00f3n","datePublished":"2022-04-15T16:50:59+00:00","dateModified":"2023-03-07T19:49:09+00:00","mainEntityOfPage":{"@id":"https:\/\/koinecommerce.com\/blog-cerespain\/espacios-naturales-protegidos-de-castilla-y-leon\/"},"wordCount":347,"commentCount":0,"publisher":{"@id":"https:\/\/koinecommerce.com\/blog-cerespain\/#organization"},"image":{"@id":"https:\/\/koinecommerce.com\/blog-cerespain\/espacios-naturales-protegidos-de-castilla-y-leon\/#primaryimage"},"thumbnailUrl":"https:\/\/koinecommerce.com\/blog-cerespain\/wp-content\/uploads\/2022\/04\/Mapa-de-Castilla-y-Leon.jpg","keywords":["castily le\u00f3n espacios naturales protegidos","espacios naturales protegidos castilla y le\u00f3n","monumentos naturales protegidos de castilla y le\u00f3n","parques naturales de castilla y le\u00f3n","parques regionales protegidos de castilla y le\u00f3n","reserva regional de caza de castilla y le\u00f3n","reservas de la biosfera de castilla y le\u00f3n","reservas naturales de castilla y le\u00f3n"],"articleSection":["Espacios Naturales Protegidos"],"inLanguage":"es","potentialAction":[{"@type":"CommentAction","name":"Comment","target":["https:\/\/koinecommerce.com\/blog-cerespain\/espacios-naturales-protegidos-de-castilla-y-leon\/#respond"]}]},{"@type":"WebPage","@id":"https:\/\/koinecommerce.com\/blog-cerespain\/espacios-naturales-protegidos-de-castilla-y-leon\/","url":"https:\/\/koinecommerce.com\/blog-cerespain\/espacios-naturales-protegidos-de-castilla-y-leon\/","name":"Espacios Naturales de Castilla y Le\u00f3n - Blog Cerespain","isPartOf":{"@id":"https:\/\/koinecommerce.com\/blog-cerespain\/#website"},"primaryImageOfPage":{"@id":"https:\/\/koinecommerce.com\/blog-cerespain\/espacios-naturales-protegidos-de-castilla-y-leon\/#primaryimage"},"image":{"@id":"https:\/\/koinecommerce.com\/blog-cerespain\/espacios-naturales-protegidos-de-castilla-y-leon\/#primaryimage"},"thumbnailUrl":"https:\/\/koinecommerce.com\/blog-cerespain\/wp-content\/uploads\/2022\/04\/Mapa-de-Castilla-y-Leon.jpg","datePublished":"2022-04-15T16:50:59+00:00","dateModified":"2023-03-07T19:49:09+00:00","description":"Espacios naturales protegidos de Castilla y Le\u00f3n. Espacios, reservas, monumentos, parques y ecosistemas. La flora y la fauna.","breadcrumb":{"@id":"https:\/\/koinecommerce.com\/blog-cerespain\/espacios-naturales-protegidos-de-castilla-y-leon\/#breadcrumb"},"inLanguage":"es","potentialAction":[{"@type":"ReadAction","target":["https:\/\/koinecommerce.com\/blog-cerespain\/espacios-naturales-protegidos-de-castilla-y-leon\/"]}]},{"@type":"ImageObject","inLanguage":"es","@id":"https:\/\/koinecommerce.com\/blog-cerespain\/espacios-naturales-protegidos-de-castilla-y-leon\/#primaryimage","url":"https:\/\/koinecommerce.com\/blog-cerespain\/wp-content\/uploads\/2022\/04\/Mapa-de-Castilla-y-Leon.jpg","contentUrl":"https:\/\/koinecommerce.com\/blog-cerespain\/wp-content\/uploads\/2022\/04\/Mapa-de-Castilla-y-Leon.jpg","width":690,"height":552,"caption":"Mapa de la Comunidad Aut\u00f3noma de Castilla y Le\u00f3n."},{"@type":"BreadcrumbList","@id":"https:\/\/koinecommerce.com\/blog-cerespain\/espacios-naturales-protegidos-de-castilla-y-leon\/#breadcrumb","itemListElement":[{"@type":"ListItem","position":1,"name":"Portada","item":"https:\/\/koinecommerce.com\/blog-cerespain\/"},{"@type":"ListItem","position":2,"name":"Espacios Naturales Protegidos de Castilla y Le\u00f3n"}]},{"@type":"WebSite","@id":"https:\/\/koinecommerce.com\/blog-cerespain\/#website","url":"https:\/\/koinecommerce.com\/blog-cerespain\/","name":"Blog Cerespain","description":"Gastronom\u00eda y turismo en Espa\u00f1a, el pa\u00eds m\u00e1s rico del mundo. Food &amp; Tourism in Spain. Blog Cerespain.","publisher":{"@id":"https:\/\/koinecommerce.com\/blog-cerespain\/#organization"},"potentialAction":[{"@type":"SearchAction","target":{"@type":"EntryPoint","urlTemplate":"https:\/\/koinecommerce.com\/blog-cerespain\/?s={search_term_string}"},"query-input":{"@type":"PropertyValueSpecification","valueRequired":true,"valueName":"search_term_string"}}],"inLanguage":"es"},{"@type":"Organization","@id":"https:\/\/koinecommerce.com\/blog-cerespain\/#organization","name":"Koinecommerce","url":"https:\/\/koinecommerce.com\/blog-cerespain\/","logo":{"@type":"ImageObject","inLanguage":"es","@id":"https:\/\/koinecommerce.com\/blog-cerespain\/#\/schema\/logo\/image\/","url":"https:\/\/koinecommerce.com\/blog-cerespain\/wp-content\/uploads\/2022\/02\/logo-slogan-emails.gif","contentUrl":"https:\/\/koinecommerce.com\/blog-cerespain\/wp-content\/uploads\/2022\/02\/logo-slogan-emails.gif","width":400,"height":107,"caption":"Koinecommerce"},"image":{"@id":"https:\/\/koinecommerce.com\/blog-cerespain\/#\/schema\/logo\/image\/"},"sameAs":["https:\/\/www.facebook.com\/cerespain","https:\/\/x.com\/koinecommerce","https:\/\/www.instagram.com\/koinecommerce\/","https:\/\/twitter.com\/Cerespain"]},{"@type":"Person","@id":"https:\/\/koinecommerce.com\/blog-cerespain\/#\/schema\/person\/82b7acd750f7898be18c095623152d26","name":"Paco Merayo","image":{"@type":"ImageObject","inLanguage":"es","@id":"https:\/\/secure.gravatar.com\/avatar\/72ac0ce481485d85e7b9b1b0c2b1505c9f3f752e9c9b9611e17d27b644c4d7b3?s=96&d=mm&r=g","url":"https:\/\/secure.gravatar.com\/avatar\/72ac0ce481485d85e7b9b1b0c2b1505c9f3f752e9c9b9611e17d27b644c4d7b3?s=96&d=mm&r=g","contentUrl":"https:\/\/secure.gravatar.com\/avatar\/72ac0ce481485d85e7b9b1b0c2b1505c9f3f752e9c9b9611e17d27b644c4d7b3?s=96&d=mm&r=g","caption":"Paco Merayo"},"description":"Licenciado en la Facultad de Ciencias de la Informaci\u00f3n (IMAGEN Y SONIDO) por la Universidad Complutense de Madrid. Natural de Ponferrada (Le\u00f3n) 1953 Ha sido Profesor de la asignatura FINANCIACI\u00d3N Y COMERCIALIZACI\u00d3N DE PROGRAMAS, en el M\u00e1ster Oficial Universitario de Producci\u00f3n de Televisi\u00f3n en TRACOR-Facultad de Humanidades y Ciencias de la Comunicaci\u00f3n, Universidad CEU SAN PABLO. Ha trabajado con las productoras o grupos audiovisuales siguientes: TELSON (V\u00e9rtice 360), PLURAL ENTERTAINMENT (Grupo PRISA), EUROPRODUCCIONES (Grupo Vocento), GONA PRODUCCIONES, PAUSOKA (TV), REDACCI\u00d3N 7 (TV), STAR LINE PRODUCTIONS (TV), CERESPAIN (internet y TV), LEONMEDIA (TV y cine), PROGRAMAS DE PRODUCCI\u00d3N PROPIA (TV), ESTUDIO STERN PRODUCCIONES (TV), ALASKA PRODUCCIONES (TV), DISTAR PRODUCCIONES S.A (TV), EAR CINEMA S.L.U. (Espa\u00f1a) y RED NEW LINE (Italia), SOGETEL, CPA, ANTEA FILMS, AMBOTO P.C., BREZAL P.C. (cine) y LECAS FILMS (productora y distribuidora de cine). A lo largo de su carrera profesional ha sido DISTRIBUIDOR (pel\u00edculas y cortometrajes), AYUDANTE DE PRODUCCI\u00d3N (cine), JEFE DE PRODUCCI\u00d3N (cine), DIRECTOR DE PRODUCCI\u00d3N (cine y televisi\u00f3n), PRODUCTOR EJECUTIVO (cine y televisi\u00f3n) y PRODUCTOR (cine y televisi\u00f3n). Ha trabajado en pel\u00edculas, cortometrajes, series, programas (de todo tipo) y documentales. Creador y propietario de las empresas KOINECOMMERCE SL y CERESPAIN SL (2000-actualidad). Responsable y proveedor de contenidos de las webs y tienda online: www.cerespain.com, www.koinecommerce.com y www.koinecommerce.com\/blog-cerespain","sameAs":["https:\/\/koinecommerce.com\/blog-cerespain","https:\/\/www.facebook.com\/","https:\/\/www.linkedin.com\/","https:\/\/x.com\/https:\/\/twitter.com\/","https:\/\/www.youtube.com\/"]}]}},"_links":{"self":[{"href":"https:\/\/koinecommerce.com\/blog-cerespain\/wp-json\/wp\/v2\/posts\/17741","targetHints":{"allow":["GET"]}}],"collection":[{"href":"https:\/\/koinecommerce.com\/blog-cerespain\/wp-json\/wp\/v2\/posts"}],"about":[{"href":"https:\/\/koinecommerce.com\/blog-cerespain\/wp-json\/wp\/v2\/types\/post"}],"author":[{"embeddable":true,"href":"https:\/\/koinecommerce.com\/blog-cerespain\/wp-json\/wp\/v2\/users\/3"}],"replies":[{"embeddable":true,"href":"https:\/\/koinecommerce.com\/blog-cerespain\/wp-json\/wp\/v2\/comments?post=17741"}],"version-history":[{"count":16,"href":"https:\/\/koinecommerce.com\/blog-cerespain\/wp-json\/wp\/v2\/posts\/17741\/revisions"}],"predecessor-version":[{"id":18951,"href":"https:\/\/koinecommerce.com\/blog-cerespain\/wp-json\/wp\/v2\/posts\/17741\/revisions\/18951"}],"wp:featuredmedia":[{"embeddable":true,"href":"https:\/\/koinecommerce.com\/blog-cerespain\/wp-json\/wp\/v2\/media\/17752"}],"wp:attachment":[{"href":"https:\/\/koinecommerce.com\/blog-cerespain\/wp-json\/wp\/v2\/media?parent=17741"}],"wp:term":[{"taxonomy":"category","embeddable":true,"href":"https:\/\/koinecommerce.com\/blog-cerespain\/wp-json\/wp\/v2\/categories?post=17741"},{"taxonomy":"post_tag","embeddable":true,"href":"https:\/\/koinecommerce.com\/blog-cerespain\/wp-json\/wp\/v2\/tags?post=17741"}],"curies":[{"name":"wp","href":"https:\/\/api.w.org\/{rel}","templated":true}]}}